{"id":11252,"date":"2023-04-02T20:14:30","date_gmt":"2023-04-02T20:14:30","guid":{"rendered":"https:\/\/reboundsports.hu\/?p=11252"},"modified":"2023-09-28T09:26:27","modified_gmt":"2023-09-28T09:26:27","slug":"porsche-tennis-grand-prix-a-mobil-salakboritasu-palyainkon","status":"publish","type":"post","link":"https:\/\/reboundsports.hu\/hu\/porsche-tennis-grand-prix-a-mobil-salakboritasu-palyainkon\/","title":{"rendered":"Porsche Tennis Grand Prix a mobil salakbor\u00edt\u00e1s\u00fa p\u00e1ly\u00e1inkon"},"content":{"rendered":"\t\t<div data-elementor-type=\"wp-post\" data-elementor-id=\"11252\" class=\"elementor elementor-11252\" data-elementor-post-type=\"post\">\n\t\t\t\t\t\t<section class=\"elementor-section elementor-top-section elementor-element elementor-element-3e6f249 elementor-section-height-min-height elementor-section-items-bottom elementor-section-boxed elementor-section-height-default\" data-id=\"3e6f249\" data-element_type=\"section\" data-settings=\"{&quot;background_background&quot;:&quot;classic&quot;}\">\n\t\t\t\t\t\t\t<div class=\"elementor-background-overlay\"><\/div>\n\t\t\t\t\t\t\t<div class=\"elementor-container elementor-column-gap-default\">\n\t\t\t\t\t<div class=\"elementor-column elementor-col-100 elementor-top-column elementor-element elementor-element-f54d1ad\" data-id=\"f54d1ad\" data-element_type=\"column\">\n\t\t\t<div class=\"elementor-widget-wrap elementor-element-populated\">\n\t\t\t\t\t\t<div class=\"elementor-element elementor-element-e1fe345 elementor-widget__width-initial elementor-widget-mobile__width-inherit elementor-widget elementor-widget-hub_fancy_heading\" data-id=\"e1fe345\" data-element_type=\"widget\" data-widget_type=\"hub_fancy_heading.default\">\n\t\t\t\t<div class=\"elementor-widget-container\">\n\t\t\t\t\t\n\t\t<div id=\"ld-fancy-heading-69ef9fcda96c3\" class=\"ld-fancy-heading pos-rel\">\n\t\t\t<h1 class=\"ld-fh-element d-inline-block pos-rel  elementor-heading-title lqd-highlight-classic lqd-highlight-grow-left h1\"  > Porsche Tennis Grand Prix a mobil salakbor\u00edt\u00e1s\u00fa p\u00e1ly\u00e1inkon<\/h1>\t\t<\/div>\n\n\t\t\t\t\t\t<\/div>\n\t\t\t\t<\/div>\n\t\t\t\t\t<\/div>\n\t\t<\/div>\n\t\t\t\t\t<\/div>\n\t\t<\/section>\n\t\t\t\t<section class=\"elementor-section elementor-top-section elementor-element elementor-element-63d0127c elementor-section-boxed elementor-section-height-default elementor-section-height-default\" data-id=\"63d0127c\" data-element_type=\"section\">\n\t\t\t\t\t\t<div class=\"elementor-container elementor-column-gap-default\">\n\t\t\t\t\t<div class=\"elementor-column elementor-col-100 elementor-top-column elementor-element elementor-element-275319e6\" data-id=\"275319e6\" data-element_type=\"column\">\n\t\t\t<div class=\"elementor-widget-wrap elementor-element-populated\">\n\t\t\t\t\t\t<div class=\"elementor-element elementor-element-47cdd02 elementor-widget elementor-widget-text-editor\" data-id=\"47cdd02\" data-element_type=\"widget\" data-widget_type=\"text-editor.default\">\n\t\t\t\t<div class=\"elementor-widget-container\">\n\t\t\t\t\t\t\t\t\t<p><span style=\"font-weight: 400;\">Id\u00e9n 46. alkalommal rendezik meg N\u00e9metorsz\u00e1gban eur\u00f3pa legr\u00e9gebbi fedett p\u00e1ly\u00e1s n\u0151i torn\u00e1j\u00e1t, a Porsche Tennis Grand Prixet. A rangos verseny 1978 \u00f3ta er\u0151s\u00edti a WTA versenynapt\u00e1r\u00e1t \u00e9s egy \u00e9vt\u0151l eltekintve ( 2020-as a COVID-19 pand\u00e9mia id\u0151szak) minden \u00e9vben ell\u00e1togatnak a n\u0151i mez\u0151ny legjobbjai Stuttgartba.<\/span><\/p><p><span style=\"font-weight: 400;\">2008-ig a versenyt \u0151sszel rendezt\u00e9k meg, de a WTA napt\u00e1r m\u00f3dos\u00edt\u00e1sa miatt 2009-t\u0151l m\u00e1r a tavaszi, salakp\u00e1ly\u00e1s szezonban kapott helyet a kupa. Id\u00e9n \u00e1prilis 15 \u00e9s 23 k\u00f6z\u00f6tt ker\u00fcl megrendez\u00e9sre a torna a Porsche Ar\u00e9n\u00e1ban, a Rebound Sports salakbor\u00edt\u00e1s\u00fa mobil teniszp\u00e1ly\u00e1in.<\/span><\/p><p><span style=\"font-weight: 400;\">Csapatunk h\u00e1rom teniszp\u00e1ly\u00e1val k\u00e9sz\u00fcl a rendezv\u00e9nyre, egy center \u00e9s k\u00e9t norm\u00e1l m\u00e9ret\u0171 p\u00e1ly\u00e1val. Sz\u00e1munkra k\u00fcl\u00f6n\u00f6s megtiszteltet\u00e9s, hogy r\u00e9szt vehet\u00fcnk egy a WTA versenysorozat egyik legnagyobb hagyom\u00e1ny\u00fa \u00e9s egyben els\u0151 fedett p\u00e1ly\u00e1s salaktorn\u00e1j\u00e1nak megrendez\u00e9s\u00e9ben. A p\u00e1ly\u00e1k biztos\u00edt\u00e1s\u00e1n t\u00fal a Rebound Sports Kft. a verseny pr\u00e9mium partnere is,\u00a0 \u00edgy \u00e1prilisban\u00a0 tal\u00e1lkozhattok vel\u00fcnk a Porsche Ar\u00e9n\u00e1ban, ahol \u00e9rdekes bemutat\u00f3kkal, valamint izgalmas j\u00e1t\u00e9kokkal v\u00e1runk bennetek!\u00a0<\/span><\/p><p><span style=\"font-weight: 400;\">B\u0151vebb \u00e9s naprak\u00e9sz inform\u00e1ci\u00f3k\u00e9rt k\u00f6vessetek minket Instagram, valamint Facebook oldalunkon!<\/span><\/p>\t\t\t\t\t\t\t\t<\/div>\n\t\t\t\t<\/div>\n\t\t\t\t<div class=\"elementor-element elementor-element-3199b3d elementor-widget elementor-widget-ld_fancy_image\" data-id=\"3199b3d\" data-element_type=\"widget\" data-widget_type=\"ld_fancy_image.default\">\n\t\t\t\t<div class=\"elementor-widget-container\">\n\t\t\t\t\t\n\t\t<div class=\"lqd-imggrp-single d-block pos-rel \">\n\t\t\t<div class=\"lqd-imggrp-img-container d-inline-flex pos-rel align-items-center justify-content-center \">\n\t\t\t\t\t\t\t\t<figure class=\"w-100 pos-rel\">\n\t\t\t\t\t<img fetchpriority=\"high\" decoding=\"async\" width=\"800\" height=\"1000\" src=\"https:\/\/reboundsports.hu\/wp-content\/uploads\/2023\/04\/Porsche.jpg\" class=\"attachment-full size-full wp-image-11255\" alt=\"\" srcset=\"https:\/\/reboundsports.hu\/wp-content\/uploads\/2023\/04\/Porsche.jpg 800w, https:\/\/reboundsports.hu\/wp-content\/uploads\/2023\/04\/Porsche-240x300.jpg 240w, https:\/\/reboundsports.hu\/wp-content\/uploads\/2023\/04\/Porsche-10x12.jpg 10w, https:\/\/reboundsports.hu\/wp-content\/uploads\/2023\/04\/Porsche-600x750.jpg 600w\" sizes=\"(max-width: 800px) 100vw, 800px\" itemprop=\"image\" \/>\t\t\t\t\t\t\t\t\t\t\t\t\t\t\t\t\t\t\t\t\t\t\t\t\t\t\t\t\t<\/figure>\n\t\t\t<\/div>\n\t\t<\/div>\n\n\t\t\t\t\t<\/div>\n\t\t\t\t<\/div>\n\t\t\t\t\t<\/div>\n\t\t<\/div>\n\t\t\t\t\t<\/div>\n\t\t<\/section>\n\t\t\t\t<\/div>\n\t\t","protected":false},"excerpt":{"rendered":"<p>Csapatunk h\u00e1rom teniszp\u00e1ly\u00e1val k\u00e9sz\u00fcl a rendezv\u00e9nyre, egy center \u00e9s k\u00e9t norm\u00e1l m\u00e9ret\u0171 p\u00e1ly\u00e1val. <\/p>\n","protected":false},"author":2,"featured_media":12124,"comment_status":"open","ping_status":"open","sticky":false,"template":"elementor_header_footer","format":"standard","meta":{"footnotes":""},"categories":[44],"tags":[],"class_list":["post-11252","post","type-post","status-publish","format-standard","has-post-thumbnail","hentry","category-hirek"],"yoast_head":"<!-- This site is optimized with the Yoast SEO plugin v25.0 - https:\/\/yoast.com\/wordpress\/plugins\/seo\/ -->\n<title>Porsche Tennis Grand Prix a mobil salakbor\u00edt\u00e1s\u00fa p\u00e1ly\u00e1inkon - REBOUND SPORTS - Teniszp\u00e1ly\u00e1k vil\u00e1gsz\u00ednvonalon!<\/title>\n<meta name=\"robots\" content=\"index, follow, max-snippet:-1, max-image-preview:large, max-video-preview:-1\" \/>\n<link rel=\"canonical\" href=\"https:\/\/reboundsports.hu\/hu\/porsche-tennis-grand-prix-a-mobil-salakboritasu-palyainkon\/\" \/>\n<meta property=\"og:locale\" content=\"hu_HU\" \/>\n<meta property=\"og:type\" content=\"article\" \/>\n<meta property=\"og:title\" content=\"Porsche Tennis Grand Prix a mobil salakbor\u00edt\u00e1s\u00fa p\u00e1ly\u00e1inkon - REBOUND SPORTS - Teniszp\u00e1ly\u00e1k vil\u00e1gsz\u00ednvonalon!\" \/>\n<meta property=\"og:description\" content=\"Csapatunk h\u00e1rom teniszp\u00e1ly\u00e1val k\u00e9sz\u00fcl a rendezv\u00e9nyre, egy center \u00e9s k\u00e9t norm\u00e1l m\u00e9ret\u0171 p\u00e1ly\u00e1val.\" \/>\n<meta property=\"og:url\" content=\"https:\/\/reboundsports.hu\/hu\/porsche-tennis-grand-prix-a-mobil-salakboritasu-palyainkon\/\" \/>\n<meta property=\"og:site_name\" content=\"REBOUND SPORTS - Teniszp\u00e1ly\u00e1k vil\u00e1gsz\u00ednvonalon!\" \/>\n<meta property=\"article:publisher\" content=\"https:\/\/www.facebook.com\/reboundsports.hu\" \/>\n<meta property=\"article:published_time\" content=\"2023-04-02T20:14:30+00:00\" \/>\n<meta property=\"article:modified_time\" content=\"2023-09-28T09:26:27+00:00\" \/>\n<meta property=\"og:image\" content=\"https:\/\/reboundsports.hu\/wp-content\/uploads\/2023\/04\/Nevtelen-Facebook-borito-4-1024x577.png\" \/>\n\t<meta property=\"og:image:width\" content=\"1024\" \/>\n\t<meta property=\"og:image:height\" content=\"577\" \/>\n\t<meta property=\"og:image:type\" content=\"image\/png\" \/>\n<meta name=\"author\" content=\"Martin Fricska\" \/>\n<meta name=\"twitter:card\" content=\"summary_large_image\" \/>\n<meta name=\"twitter:label1\" content=\"Szerz\u0151:\" \/>\n\t<meta name=\"twitter:data1\" content=\"Martin Fricska\" \/>\n\t<meta name=\"twitter:label2\" content=\"Becs\u00fclt olvas\u00e1si id\u0151\" \/>\n\t<meta name=\"twitter:data2\" content=\"2 perc\" \/>\n<script type=\"application\/ld+json\" class=\"yoast-schema-graph\">{\"@context\":\"https:\/\/schema.org\",\"@graph\":[{\"@type\":\"Article\",\"@id\":\"https:\/\/reboundsports.hu\/hu\/porsche-tennis-grand-prix-a-mobil-salakboritasu-palyainkon\/#article\",\"isPartOf\":{\"@id\":\"https:\/\/reboundsports.hu\/hu\/porsche-tennis-grand-prix-a-mobil-salakboritasu-palyainkon\/\"},\"author\":{\"name\":\"Martin Fricska\",\"@id\":\"https:\/\/reboundsports.hu\/#\/schema\/person\/c3ba0806b6b6a8ea9a4dc0eef25befc7\"},\"headline\":\"Porsche Tennis Grand Prix a mobil salakbor\u00edt\u00e1s\u00fa p\u00e1ly\u00e1inkon\",\"datePublished\":\"2023-04-02T20:14:30+00:00\",\"dateModified\":\"2023-09-28T09:26:27+00:00\",\"mainEntityOfPage\":{\"@id\":\"https:\/\/reboundsports.hu\/hu\/porsche-tennis-grand-prix-a-mobil-salakboritasu-palyainkon\/\"},\"wordCount\":261,\"commentCount\":0,\"publisher\":{\"@id\":\"https:\/\/reboundsports.hu\/#organization\"},\"image\":{\"@id\":\"https:\/\/reboundsports.hu\/hu\/porsche-tennis-grand-prix-a-mobil-salakboritasu-palyainkon\/#primaryimage\"},\"thumbnailUrl\":\"https:\/\/reboundsports.hu\/wp-content\/uploads\/2023\/04\/Nevtelen-Facebook-borito-4.png\",\"articleSection\":[\"H\u00edrek\"],\"inLanguage\":\"hu\",\"potentialAction\":[{\"@type\":\"CommentAction\",\"name\":\"Comment\",\"target\":[\"https:\/\/reboundsports.hu\/hu\/porsche-tennis-grand-prix-a-mobil-salakboritasu-palyainkon\/#respond\"]}]},{\"@type\":\"WebPage\",\"@id\":\"https:\/\/reboundsports.hu\/hu\/porsche-tennis-grand-prix-a-mobil-salakboritasu-palyainkon\/\",\"url\":\"https:\/\/reboundsports.hu\/hu\/porsche-tennis-grand-prix-a-mobil-salakboritasu-palyainkon\/\",\"name\":\"Porsche Tennis Grand Prix a mobil salakbor\u00edt\u00e1s\u00fa p\u00e1ly\u00e1inkon - REBOUND SPORTS - Teniszp\u00e1ly\u00e1k vil\u00e1gsz\u00ednvonalon!\",\"isPartOf\":{\"@id\":\"https:\/\/reboundsports.hu\/#website\"},\"primaryImageOfPage\":{\"@id\":\"https:\/\/reboundsports.hu\/hu\/porsche-tennis-grand-prix-a-mobil-salakboritasu-palyainkon\/#primaryimage\"},\"image\":{\"@id\":\"https:\/\/reboundsports.hu\/hu\/porsche-tennis-grand-prix-a-mobil-salakboritasu-palyainkon\/#primaryimage\"},\"thumbnailUrl\":\"https:\/\/reboundsports.hu\/wp-content\/uploads\/2023\/04\/Nevtelen-Facebook-borito-4.png\",\"datePublished\":\"2023-04-02T20:14:30+00:00\",\"dateModified\":\"2023-09-28T09:26:27+00:00\",\"breadcrumb\":{\"@id\":\"https:\/\/reboundsports.hu\/hu\/porsche-tennis-grand-prix-a-mobil-salakboritasu-palyainkon\/#breadcrumb\"},\"inLanguage\":\"hu\",\"potentialAction\":[{\"@type\":\"ReadAction\",\"target\":[\"https:\/\/reboundsports.hu\/hu\/porsche-tennis-grand-prix-a-mobil-salakboritasu-palyainkon\/\"]}]},{\"@type\":\"ImageObject\",\"inLanguage\":\"hu\",\"@id\":\"https:\/\/reboundsports.hu\/hu\/porsche-tennis-grand-prix-a-mobil-salakboritasu-palyainkon\/#primaryimage\",\"url\":\"https:\/\/reboundsports.hu\/wp-content\/uploads\/2023\/04\/Nevtelen-Facebook-borito-4.png\",\"contentUrl\":\"https:\/\/reboundsports.hu\/wp-content\/uploads\/2023\/04\/Nevtelen-Facebook-borito-4.png\",\"width\":1640,\"height\":924},{\"@type\":\"BreadcrumbList\",\"@id\":\"https:\/\/reboundsports.hu\/hu\/porsche-tennis-grand-prix-a-mobil-salakboritasu-palyainkon\/#breadcrumb\",\"itemListElement\":[{\"@type\":\"ListItem\",\"position\":1,\"name\":\"Kezd\u0151lap\",\"item\":\"https:\/\/reboundsports.hu\/\"},{\"@type\":\"ListItem\",\"position\":2,\"name\":\"Porsche Tennis Grand Prix a mobil salakbor\u00edt\u00e1s\u00fa p\u00e1ly\u00e1inkon\"}]},{\"@type\":\"WebSite\",\"@id\":\"https:\/\/reboundsports.hu\/#website\",\"url\":\"https:\/\/reboundsports.hu\/\",\"name\":\"REBOUND SPORTS - Teniszp\u00e1ly\u00e1k vil\u00e1gsz\u00ednvonalon!\",\"description\":\"PROFESSZION\u00c1LIS TENISZP\u00c1LY\u00c1K B\u00c1RHOL B\u00c1RMIKOR!\",\"publisher\":{\"@id\":\"https:\/\/reboundsports.hu\/#organization\"},\"potentialAction\":[{\"@type\":\"SearchAction\",\"target\":{\"@type\":\"EntryPoint\",\"urlTemplate\":\"https:\/\/reboundsports.hu\/?s={search_term_string}\"},\"query-input\":{\"@type\":\"PropertyValueSpecification\",\"valueRequired\":true,\"valueName\":\"search_term_string\"}}],\"inLanguage\":\"hu\"},{\"@type\":\"Organization\",\"@id\":\"https:\/\/reboundsports.hu\/#organization\",\"name\":\"Rebound Sports Kft.\",\"alternateName\":\"Rebound Sports\",\"url\":\"https:\/\/reboundsports.hu\/\",\"logo\":{\"@type\":\"ImageObject\",\"inLanguage\":\"hu\",\"@id\":\"https:\/\/reboundsports.hu\/#\/schema\/logo\/image\/\",\"url\":\"http:\/\/reboundsports.hu\/wp-content\/uploads\/2021\/10\/reboundlogo.png\",\"contentUrl\":\"http:\/\/reboundsports.hu\/wp-content\/uploads\/2021\/10\/reboundlogo.png\",\"width\":784,\"height\":305,\"caption\":\"Rebound Sports Kft.\"},\"image\":{\"@id\":\"https:\/\/reboundsports.hu\/#\/schema\/logo\/image\/\"},\"sameAs\":[\"https:\/\/www.facebook.com\/reboundsports.hu\",\"https:\/\/www.instagram.com\/reboundsportskft\"]},{\"@type\":\"Person\",\"@id\":\"https:\/\/reboundsports.hu\/#\/schema\/person\/c3ba0806b6b6a8ea9a4dc0eef25befc7\",\"name\":\"Martin Fricska\",\"image\":{\"@type\":\"ImageObject\",\"inLanguage\":\"hu\",\"@id\":\"https:\/\/reboundsports.hu\/#\/schema\/person\/image\/\",\"url\":\"https:\/\/secure.gravatar.com\/avatar\/2e975a5739bd942fd7444c4d9e55c4f0339962b56774737c52735ad0a33fbf92?s=96&d=mm&r=g\",\"contentUrl\":\"https:\/\/secure.gravatar.com\/avatar\/2e975a5739bd942fd7444c4d9e55c4f0339962b56774737c52735ad0a33fbf92?s=96&d=mm&r=g\",\"caption\":\"Martin Fricska\"},\"url\":\"https:\/\/reboundsports.hu\/hu\/author\/martin\/\"}]}<\/script>\n<!-- \/ Yoast SEO plugin. -->","yoast_head_json":{"title":"Porsche Tennis Grand Prix a mobil salakbor\u00edt\u00e1s\u00fa p\u00e1ly\u00e1inkon - REBOUND SPORTS - Teniszp\u00e1ly\u00e1k vil\u00e1gsz\u00ednvonalon!","robots":{"index":"index","follow":"follow","max-snippet":"max-snippet:-1","max-image-preview":"max-image-preview:large","max-video-preview":"max-video-preview:-1"},"canonical":"https:\/\/reboundsports.hu\/hu\/porsche-tennis-grand-prix-a-mobil-salakboritasu-palyainkon\/","og_locale":"hu_HU","og_type":"article","og_title":"Porsche Tennis Grand Prix a mobil salakbor\u00edt\u00e1s\u00fa p\u00e1ly\u00e1inkon - REBOUND SPORTS - Teniszp\u00e1ly\u00e1k vil\u00e1gsz\u00ednvonalon!","og_description":"Csapatunk h\u00e1rom teniszp\u00e1ly\u00e1val k\u00e9sz\u00fcl a rendezv\u00e9nyre, egy center \u00e9s k\u00e9t norm\u00e1l m\u00e9ret\u0171 p\u00e1ly\u00e1val.","og_url":"https:\/\/reboundsports.hu\/hu\/porsche-tennis-grand-prix-a-mobil-salakboritasu-palyainkon\/","og_site_name":"REBOUND SPORTS - Teniszp\u00e1ly\u00e1k vil\u00e1gsz\u00ednvonalon!","article_publisher":"https:\/\/www.facebook.com\/reboundsports.hu","article_published_time":"2023-04-02T20:14:30+00:00","article_modified_time":"2023-09-28T09:26:27+00:00","og_image":[{"width":1024,"height":577,"url":"https:\/\/reboundsports.hu\/wp-content\/uploads\/2023\/04\/Nevtelen-Facebook-borito-4-1024x577.png","type":"image\/png"}],"author":"Martin Fricska","twitter_card":"summary_large_image","twitter_misc":{"Szerz\u0151:":"Martin Fricska","Becs\u00fclt olvas\u00e1si id\u0151":"2 perc"},"schema":{"@context":"https:\/\/schema.org","@graph":[{"@type":"Article","@id":"https:\/\/reboundsports.hu\/hu\/porsche-tennis-grand-prix-a-mobil-salakboritasu-palyainkon\/#article","isPartOf":{"@id":"https:\/\/reboundsports.hu\/hu\/porsche-tennis-grand-prix-a-mobil-salakboritasu-palyainkon\/"},"author":{"name":"Martin Fricska","@id":"https:\/\/reboundsports.hu\/#\/schema\/person\/c3ba0806b6b6a8ea9a4dc0eef25befc7"},"headline":"Porsche Tennis Grand Prix a mobil salakbor\u00edt\u00e1s\u00fa p\u00e1ly\u00e1inkon","datePublished":"2023-04-02T20:14:30+00:00","dateModified":"2023-09-28T09:26:27+00:00","mainEntityOfPage":{"@id":"https:\/\/reboundsports.hu\/hu\/porsche-tennis-grand-prix-a-mobil-salakboritasu-palyainkon\/"},"wordCount":261,"commentCount":0,"publisher":{"@id":"https:\/\/reboundsports.hu\/#organization"},"image":{"@id":"https:\/\/reboundsports.hu\/hu\/porsche-tennis-grand-prix-a-mobil-salakboritasu-palyainkon\/#primaryimage"},"thumbnailUrl":"https:\/\/reboundsports.hu\/wp-content\/uploads\/2023\/04\/Nevtelen-Facebook-borito-4.png","articleSection":["H\u00edrek"],"inLanguage":"hu","potentialAction":[{"@type":"CommentAction","name":"Comment","target":["https:\/\/reboundsports.hu\/hu\/porsche-tennis-grand-prix-a-mobil-salakboritasu-palyainkon\/#respond"]}]},{"@type":"WebPage","@id":"https:\/\/reboundsports.hu\/hu\/porsche-tennis-grand-prix-a-mobil-salakboritasu-palyainkon\/","url":"https:\/\/reboundsports.hu\/hu\/porsche-tennis-grand-prix-a-mobil-salakboritasu-palyainkon\/","name":"Porsche Tennis Grand Prix a mobil salakbor\u00edt\u00e1s\u00fa p\u00e1ly\u00e1inkon - REBOUND SPORTS - Teniszp\u00e1ly\u00e1k vil\u00e1gsz\u00ednvonalon!","isPartOf":{"@id":"https:\/\/reboundsports.hu\/#website"},"primaryImageOfPage":{"@id":"https:\/\/reboundsports.hu\/hu\/porsche-tennis-grand-prix-a-mobil-salakboritasu-palyainkon\/#primaryimage"},"image":{"@id":"https:\/\/reboundsports.hu\/hu\/porsche-tennis-grand-prix-a-mobil-salakboritasu-palyainkon\/#primaryimage"},"thumbnailUrl":"https:\/\/reboundsports.hu\/wp-content\/uploads\/2023\/04\/Nevtelen-Facebook-borito-4.png","datePublished":"2023-04-02T20:14:30+00:00","dateModified":"2023-09-28T09:26:27+00:00","breadcrumb":{"@id":"https:\/\/reboundsports.hu\/hu\/porsche-tennis-grand-prix-a-mobil-salakboritasu-palyainkon\/#breadcrumb"},"inLanguage":"hu","potentialAction":[{"@type":"ReadAction","target":["https:\/\/reboundsports.hu\/hu\/porsche-tennis-grand-prix-a-mobil-salakboritasu-palyainkon\/"]}]},{"@type":"ImageObject","inLanguage":"hu","@id":"https:\/\/reboundsports.hu\/hu\/porsche-tennis-grand-prix-a-mobil-salakboritasu-palyainkon\/#primaryimage","url":"https:\/\/reboundsports.hu\/wp-content\/uploads\/2023\/04\/Nevtelen-Facebook-borito-4.png","contentUrl":"https:\/\/reboundsports.hu\/wp-content\/uploads\/2023\/04\/Nevtelen-Facebook-borito-4.png","width":1640,"height":924},{"@type":"BreadcrumbList","@id":"https:\/\/reboundsports.hu\/hu\/porsche-tennis-grand-prix-a-mobil-salakboritasu-palyainkon\/#breadcrumb","itemListElement":[{"@type":"ListItem","position":1,"name":"Kezd\u0151lap","item":"https:\/\/reboundsports.hu\/"},{"@type":"ListItem","position":2,"name":"Porsche Tennis Grand Prix a mobil salakbor\u00edt\u00e1s\u00fa p\u00e1ly\u00e1inkon"}]},{"@type":"WebSite","@id":"https:\/\/reboundsports.hu\/#website","url":"https:\/\/reboundsports.hu\/","name":"REBOUND SPORTS - Teniszp\u00e1ly\u00e1k vil\u00e1gsz\u00ednvonalon!","description":"PROFESSZION\u00c1LIS TENISZP\u00c1LY\u00c1K B\u00c1RHOL B\u00c1RMIKOR!","publisher":{"@id":"https:\/\/reboundsports.hu\/#organization"},"potentialAction":[{"@type":"SearchAction","target":{"@type":"EntryPoint","urlTemplate":"https:\/\/reboundsports.hu\/?s={search_term_string}"},"query-input":{"@type":"PropertyValueSpecification","valueRequired":true,"valueName":"search_term_string"}}],"inLanguage":"hu"},{"@type":"Organization","@id":"https:\/\/reboundsports.hu\/#organization","name":"Rebound Sports Kft.","alternateName":"Rebound Sports","url":"https:\/\/reboundsports.hu\/","logo":{"@type":"ImageObject","inLanguage":"hu","@id":"https:\/\/reboundsports.hu\/#\/schema\/logo\/image\/","url":"http:\/\/reboundsports.hu\/wp-content\/uploads\/2021\/10\/reboundlogo.png","contentUrl":"http:\/\/reboundsports.hu\/wp-content\/uploads\/2021\/10\/reboundlogo.png","width":784,"height":305,"caption":"Rebound Sports Kft."},"image":{"@id":"https:\/\/reboundsports.hu\/#\/schema\/logo\/image\/"},"sameAs":["https:\/\/www.facebook.com\/reboundsports.hu","https:\/\/www.instagram.com\/reboundsportskft"]},{"@type":"Person","@id":"https:\/\/reboundsports.hu\/#\/schema\/person\/c3ba0806b6b6a8ea9a4dc0eef25befc7","name":"Martin Fricska","image":{"@type":"ImageObject","inLanguage":"hu","@id":"https:\/\/reboundsports.hu\/#\/schema\/person\/image\/","url":"https:\/\/secure.gravatar.com\/avatar\/2e975a5739bd942fd7444c4d9e55c4f0339962b56774737c52735ad0a33fbf92?s=96&d=mm&r=g","contentUrl":"https:\/\/secure.gravatar.com\/avatar\/2e975a5739bd942fd7444c4d9e55c4f0339962b56774737c52735ad0a33fbf92?s=96&d=mm&r=g","caption":"Martin Fricska"},"url":"https:\/\/reboundsports.hu\/hu\/author\/martin\/"}]}},"_links":{"self":[{"href":"https:\/\/reboundsports.hu\/hu\/wp-json\/wp\/v2\/posts\/11252","targetHints":{"allow":["GET"]}}],"collection":[{"href":"https:\/\/reboundsports.hu\/hu\/wp-json\/wp\/v2\/posts"}],"about":[{"href":"https:\/\/reboundsports.hu\/hu\/wp-json\/wp\/v2\/types\/post"}],"author":[{"embeddable":true,"href":"https:\/\/reboundsports.hu\/hu\/wp-json\/wp\/v2\/users\/2"}],"replies":[{"embeddable":true,"href":"https:\/\/reboundsports.hu\/hu\/wp-json\/wp\/v2\/comments?post=11252"}],"version-history":[{"count":0,"href":"https:\/\/reboundsports.hu\/hu\/wp-json\/wp\/v2\/posts\/11252\/revisions"}],"wp:featuredmedia":[{"embeddable":true,"href":"https:\/\/reboundsports.hu\/hu\/wp-json\/wp\/v2\/media\/12124"}],"wp:attachment":[{"href":"https:\/\/reboundsports.hu\/hu\/wp-json\/wp\/v2\/media?parent=11252"}],"wp:term":[{"taxonomy":"category","embeddable":true,"href":"https:\/\/reboundsports.hu\/hu\/wp-json\/wp\/v2\/categories?post=11252"},{"taxonomy":"post_tag","embeddable":true,"href":"https:\/\/reboundsports.hu\/hu\/wp-json\/wp\/v2\/tags?post=11252"}],"curies":[{"name":"wp","href":"https:\/\/api.w.org\/{rel}","templated":true}]}}